{"id":629,"date":"2022-09-27T14:34:49","date_gmt":"2022-09-27T14:34:49","guid":{"rendered":"https:\/\/komposta.org\/?p=629"},"modified":"2022-09-29T09:12:42","modified_gmt":"2022-09-29T09:12:42","slug":"la-valorisation-des-dechets-organiques","status":"publish","type":"post","link":"https:\/\/komposta.org\/fr\/la-valorisation-des-dechets-organiques\/","title":{"rendered":"La valorisation des d\u00e9chets organiques"},"content":{"rendered":"\n<h2 class=\"wp-block-heading\"><em>Vers un traitement au sein d'une \u00e9conomie circulaire<\/em><\/h2>\n\n\n\n<p class=\"wp-block-paragraph\">La g\u00e9n\u00e9ralisation du tri \u00e0 la source est un objectif europ\u00e9en auquel la France s'adapte apr\u00e8s d'autres pays europ\u00e9ens. L'objectif est de r\u00e9duire \u00e0 z\u00e9ro l'envoi de d\u00e9chets organiques en d\u00e9charge ou en incin\u00e9ration.<\/p>\n\n\n\n<p class=\"wp-block-paragraph\">Suite \u00e0 la pression r\u00e9glementaire en la mati\u00e8re, les syst\u00e8mes de gestion se sont multipli\u00e9es en se sp\u00e9cialisant dans le compostage mais aussi dans la m\u00e9thanisation. L'ADEME dans ce sens  reconna\u00eet, surtout pour ce type de d\u00e9chets, l'importance d'<strong>une approche de proximit\u00e9<\/strong>. Une approche territoriale permet en effet de d\u00e9terminer les gisements, les regroupements pertinents, les destinations et types de valorisation et d\u2019\u00e9viter la concurrence entre divers types de valorisation.<\/p>\n\n\n<div class=\"wp-block-image\">\n<figure class=\"alignleft size-full is-resized\"><img loading=\"lazy\" decoding=\"async\" src=\"https:\/\/komposta.org\/wp-content\/uploads\/2022\/09\/ademe-biodechet.png\" alt=\"\" class=\"wp-image-630\" width=\"452\" height=\"317\" srcset=\"https:\/\/komposta.org\/wp-content\/uploads\/2022\/09\/ademe-biodechet.png 768w, https:\/\/komposta.org\/wp-content\/uploads\/2022\/09\/ademe-biodechet-300x211.png 300w\" sizes=\"auto, (max-width: 452px) 100vw, 452px\" \/><\/figure>\n<\/div>\n\n\n<p class=\"wp-block-paragraph\">Les biod\u00e9chets peuvent \u00eatre une ressource, leur collecte, regroupement, transport et traitement sont d\u2019abord une charge pour les producteurs, surtout quand les quantit\u00e9s sont restreintes et les lieux de production dispers\u00e9s. La dynamique autour de la pr\u00e9vention des d\u00e9chets a conduit, en compl\u00e9ment de la lutte contre le gaspillage alimentaire, <strong>\u00e0 promouvoir des solutions de valorisation sur place<\/strong>, qu\u2019il s\u2019agisse pour les m\u00e9nages de compostage domestique ou partag\u00e9, ou pour les gros producteurs de gestion autonome au sein de leur \u00e9tablissement.<\/p>\n\n\n\n<p class=\"wp-block-paragraph\">Des solutions donc a petit \u00e9chelle qui permettent une meilleure gestion des ressources, un valeur ajout\u00e9 pour le territoire et une r\u00e9duction en terme d\u2019\u00e9missions. <\/p>\n\n\n\n\n\n\n\n<figure class=\"wp-block-gallery has-nested-images columns-default is-cropped wp-block-gallery-1 is-layout-flex wp-block-gallery-is-layout-flex\"><\/figure>\n\n\n\n<figure class=\"wp-block-gallery has-nested-images columns-default is-cropped wp-block-gallery-2 is-layout-flex wp-block-gallery-is-layout-flex\"><\/figure>\n\n\n\n<figure class=\"wp-block-gallery has-nested-images columns-default is-cropped wp-block-gallery-3 is-layout-flex wp-block-gallery-is-layout-flex\"><\/figure>\n\n\n\n\n\n\n\n\n\n\n","protected":false},"excerpt":{"rendered":"<p>Vers un traitement au sein d'une \u00e9conomie circulaire La g\u00e9n\u00e9ralisation du tri \u00e0 la source est un objectif europ\u00e9en auquel la France s'adapte apr\u00e8s d'autres pays europ\u00e9ens. L'objectif est de r\u00e9duire \u00e0 z\u00e9ro l'envoi de d\u00e9chets organiques en d\u00e9charge ou en incin\u00e9ration. Suite \u00e0 la pression r\u00e9glementaire en la mati\u00e8re, les syst\u00e8mes de gestion se [&hellip;]<\/p>\n","protected":false},"author":1,"featured_media":630,"comment_status":"open","ping_status":"open","sticky":false,"template":"","format":"standard","meta":{"_acf_changed":false,"footnotes":""},"categories":[12],"tags":[],"class_list":["post-629","post","type-post","status-publish","format-standard","has-post-thumbnail","hentry","category-non-classifiee"],"acf":[],"_links":{"self":[{"href":"https:\/\/komposta.org\/fr\/wp-json\/wp\/v2\/posts\/629","targetHints":{"allow":["GET"]}}],"collection":[{"href":"https:\/\/komposta.org\/fr\/wp-json\/wp\/v2\/posts"}],"about":[{"href":"https:\/\/komposta.org\/fr\/wp-json\/wp\/v2\/types\/post"}],"author":[{"embeddable":true,"href":"https:\/\/komposta.org\/fr\/wp-json\/wp\/v2\/users\/1"}],"replies":[{"embeddable":true,"href":"https:\/\/komposta.org\/fr\/wp-json\/wp\/v2\/comments?post=629"}],"version-history":[{"count":2,"href":"https:\/\/komposta.org\/fr\/wp-json\/wp\/v2\/posts\/629\/revisions"}],"predecessor-version":[{"id":634,"href":"https:\/\/komposta.org\/fr\/wp-json\/wp\/v2\/posts\/629\/revisions\/634"}],"wp:featuredmedia":[{"embeddable":true,"href":"https:\/\/komposta.org\/fr\/wp-json\/wp\/v2\/media\/630"}],"wp:attachment":[{"href":"https:\/\/komposta.org\/fr\/wp-json\/wp\/v2\/media?parent=629"}],"wp:term":[{"taxonomy":"category","embeddable":true,"href":"https:\/\/komposta.org\/fr\/wp-json\/wp\/v2\/categories?post=629"},{"taxonomy":"post_tag","embeddable":true,"href":"https:\/\/komposta.org\/fr\/wp-json\/wp\/v2\/tags?post=629"}],"curies":[{"name":"wp","href":"https:\/\/api.w.org\/{rel}","templated":true}]}}