{"id":533,"date":"2022-09-13T10:23:30","date_gmt":"2022-09-13T10:23:30","guid":{"rendered":"https:\/\/komposta.org\/?p=533"},"modified":"2022-09-27T17:20:04","modified_gmt":"2022-09-27T17:20:04","slug":"legislation-relative-au-compostage-aerobie","status":"publish","type":"post","link":"https:\/\/komposta.org\/fr\/legislation-relative-au-compostage-aerobie\/","title":{"rendered":"L\u00e9gislation relative au compostage a\u00e9robie de proximit\u00e9"},"content":{"rendered":"\n<p class=\"wp-block-paragraph\"><strong>D\u00e9finition<\/strong><\/p>\n\n\n\n<p class=\"wp-block-paragraph\">La l\u00e9gislation nationale fran\u00e7aise s\u2019applique au compostage industriel, mais aussi au compostage de proximit\u00e9, comme d\u00e9fini dans&nbsp;<strong>l'arr\u00eat\u00e9 minist\u00e9riel d'avril 2018<\/strong>. Il concerne des sites o\u00f9 il est possible de traiter jusqu'\u00e0 52 tonnes de biod\u00e9chets par an. Ils se divisent en deux grands groupes :<\/p>\n\n\n\n<ul class=\"wp-block-list\"><li>compostage partag\u00e9<\/li><li>compostage autonome en \u00e9tablissement.<\/li><\/ul>\n\n\n\n<p class=\"wp-block-paragraph\">Le compostage partag\u00e9 concerne des projets d\u2019un groupe de personnes qui utilisent le m\u00eame composteur avec l'apport volontaire de leurs d\u00e9chets organiques et qui s\u2019occupent de la gestion de leurs propres d\u00e9chets. Cela concerne des composteurs de quartier, des composteurs internes \u00e0 des copropri\u00e9t\u00e9s ou encore ceux d\u2019un village.<\/p>\n\n\n\n<p class=\"wp-block-paragraph\">Le compostage autonome en \u00e9tablissement est r\u00e9alis\u00e9 par des entit\u00e9s priv\u00e9es ou publiques qui g\u00e8rent leurs d\u00e9chets sur place : il s'agit plus particuli\u00e8rement de l'industrie agroalimentaire, du commerce, de la restauration, de l'h\u00f4tellerie, etc.<\/p>\n\n\n\n<p class=\"wp-block-paragraph\"><strong>VERS LA G\u00c9N\u00c9RALISATION DU TRI \u00c0 LA SOURCE<\/strong><\/p>\n\n\n\n<p class=\"wp-block-paragraph\">La loi anti-gaspillage pour une \u00e9conomie circulaire (loi n\u00b0 2020-105 du 10 F\u00e9vrier 2020), imposera le respect de l'obligation d\u2019une collecte s\u00e9par\u00e9e des biod\u00e9chets pour tous professionnels produisant plus de 5 tonnes par an de biod\u00e9chets d\u00e8s le 1<sup>er<\/sup>&nbsp;Janvier 2023. \u00c0 partir du 1<sup>er<\/sup>&nbsp;Janvier 2024, la g\u00e9n\u00e9ralisation du tri \u00e0 la source des biod\u00e9chets sera \u00e9tendue \u00e0 l'ensemble des acteurs professionnels, sans seuil minimum.<\/p>\n\n\n\n<p class=\"wp-block-paragraph\"><strong>MESURES FISCALES INCITATIVES<\/strong><\/p>\n\n\n\n<p class=\"wp-block-paragraph\">Sur le plan l\u00e9gislatif, afin de r\u00e9duire la quantit\u00e9 de d\u00e9chets produits, les collectivit\u00e9s sont tenues d'instaurer une Redevance Sp\u00e9ciale pour les commer\u00e7ants et artisans (ou autres producteurs de d\u00e9chets non m\u00e9nagers) proportionnelle aux d\u00e9chets produits.<\/p>\n\n\n\n<p class=\"wp-block-paragraph\">Lorsque les producteurs de d\u00e9chets assurent eux-m\u00eames la collecte et le traitement des d\u00e9chets, une diminution de la RS est calcul\u00e9e en fonction de l\u2019importance du service rendu, notamment de la quantit\u00e9 de d\u00e9chets g\u00e9r\u00e9s. (Article L2333-78 du Code g\u00e9n\u00e9ral des collectivit\u00e9s territoriales).<\/p>\n\n\n\n<p class=\"wp-block-paragraph\">Lorsque le producteur de d\u00e9chets non m\u00e9nagers installe un composteur pour la valorisation de ses d\u00e9chets organiques, il peut donc b\u00e9n\u00e9ficier d'une r\u00e9duction de la RS qui sera proportionnelle \u00e0 la r\u00e9duction de la quantit\u00e9 des d\u00e9chets confi\u00e9s au service public.<\/p>\n","protected":false},"excerpt":{"rendered":"<p>D\u00e9finition La l\u00e9gislation nationale fran\u00e7aise s\u2019applique au compostage industriel, mais aussi au compostage de proximit\u00e9, comme d\u00e9fini dans&nbsp;l'arr\u00eat\u00e9 minist\u00e9riel d'avril 2018. Il concerne des sites o\u00f9 il est possible de traiter jusqu'\u00e0 52 tonnes de biod\u00e9chets par an. Ils se divisent en deux grands groupes : compostage partag\u00e9 compostage autonome en \u00e9tablissement. Le compostage partag\u00e9 [&hellip;]<\/p>\n","protected":false},"author":1,"featured_media":432,"comment_status":"open","ping_status":"open","sticky":false,"template":"","format":"standard","meta":{"_acf_changed":false,"footnotes":""},"categories":[12],"tags":[],"class_list":["post-533","post","type-post","status-publish","format-standard","has-post-thumbnail","hentry","category-non-classifiee"],"acf":[],"_links":{"self":[{"href":"https:\/\/komposta.org\/fr\/wp-json\/wp\/v2\/posts\/533","targetHints":{"allow":["GET"]}}],"collection":[{"href":"https:\/\/komposta.org\/fr\/wp-json\/wp\/v2\/posts"}],"about":[{"href":"https:\/\/komposta.org\/fr\/wp-json\/wp\/v2\/types\/post"}],"author":[{"embeddable":true,"href":"https:\/\/komposta.org\/fr\/wp-json\/wp\/v2\/users\/1"}],"replies":[{"embeddable":true,"href":"https:\/\/komposta.org\/fr\/wp-json\/wp\/v2\/comments?post=533"}],"version-history":[{"count":2,"href":"https:\/\/komposta.org\/fr\/wp-json\/wp\/v2\/posts\/533\/revisions"}],"predecessor-version":[{"id":635,"href":"https:\/\/komposta.org\/fr\/wp-json\/wp\/v2\/posts\/533\/revisions\/635"}],"wp:featuredmedia":[{"embeddable":true,"href":"https:\/\/komposta.org\/fr\/wp-json\/wp\/v2\/media\/432"}],"wp:attachment":[{"href":"https:\/\/komposta.org\/fr\/wp-json\/wp\/v2\/media?parent=533"}],"wp:term":[{"taxonomy":"category","embeddable":true,"href":"https:\/\/komposta.org\/fr\/wp-json\/wp\/v2\/categories?post=533"},{"taxonomy":"post_tag","embeddable":true,"href":"https:\/\/komposta.org\/fr\/wp-json\/wp\/v2\/tags?post=533"}],"curies":[{"name":"wp","href":"https:\/\/api.w.org\/{rel}","templated":true}]}}